{"id":1874,"date":"2026-09-04T10:23:19","date_gmt":"2026-09-04T08:23:19","guid":{"rendered":"https:\/\/akskoeln.de\/?p=1874"},"modified":"2026-09-04T10:28:35","modified_gmt":"2026-09-04T08:28:35","slug":"herzlich-willkommen-liebe-neue-5er","status":"publish","type":"post","link":"https:\/\/akskoeln.de\/?p=1874","title":{"rendered":"Herzlich willkommen, liebe neue 5er!"},"content":{"rendered":"<div id=\"attachment_1875\" style=\"width: 1546px\" class=\"wp-caption alignnone\"><img loading=\"lazy\" decoding=\"async\" aria-describedby=\"caption-attachment-1875\" class=\"wp-image-1875 size-full\" src=\"http:\/\/akskoeln.de\/wp-content\/uploads\/2026\/09\/ChatGPT-Image-4.-Sept.-2026-10_13_27.png\" alt=\"\" width=\"1536\" height=\"1024\" srcset=\"https:\/\/akskoeln.de\/wp-content\/uploads\/2026\/09\/ChatGPT-Image-4.-Sept.-2026-10_13_27.png 1536w, https:\/\/akskoeln.de\/wp-content\/uploads\/2026\/09\/ChatGPT-Image-4.-Sept.-2026-10_13_27-300x200.png 300w, https:\/\/akskoeln.de\/wp-content\/uploads\/2026\/09\/ChatGPT-Image-4.-Sept.-2026-10_13_27-1024x683.png 1024w, https:\/\/akskoeln.de\/wp-content\/uploads\/2026\/09\/ChatGPT-Image-4.-Sept.-2026-10_13_27-768x512.png 768w\" sizes=\"auto, (max-width: 1536px) 100vw, 1536px\" \/><p id=\"caption-attachment-1875\" class=\"wp-caption-text\">Bildquelle: KI-generierte eigene Darstellung mit ChatGPT von OpenAI, erstellt im September 2026.<\/p><\/div>\n<p class=\"pt-1 pb-3 first:pt-0 last:pb-0 whitespace-pre-wrap\">Nach dem <strong class=\"font-semibold\">Ende der Fer<\/strong><strong class=\"font-semibold\">ien<\/strong> starten wir gemeinsam in ein neues Schuljahr. Wir w\u00fcnschen allen <strong class=\"font-semibold\">Sch\u00fclerinnen und Sch\u00fclern<\/strong> einen guten Start, viel Erfolg, Freude am Lernen und viele sch\u00f6ne Erlebnisse in den kommenden Monaten.<\/p>\n<p class=\"pt-1 pb-3 first:pt-0 last:pb-0 whitespace-pre-wrap\">Mit gro\u00dfer Freude durften wir au\u00dferdem unsere neuen <strong class=\"font-semibold\">F\u00fcnftkl\u00e4sslerinnen und F\u00fcnftkl\u00e4ssler<\/strong> an unserer Schule begr\u00fc\u00dfen. Die <strong class=\"font-semibold\">Einschulung<\/strong> war ein wirklich sch\u00f6ner Auftakt in das neue Schuljahr und die Stimmung war von Anfang an herzlich, fr\u00f6hlich und voller Vorfreude.<\/p>\n<p class=\"pt-1 pb-3 first:pt-0 last:pb-0 whitespace-pre-wrap\">Ein besonderer Dank gilt unseren <strong class=\"font-semibold\">6er-Klassen<\/strong> sowie ihren <strong class=\"font-semibold\">Klassenlehrerinnen und Klassenlehrern<\/strong>. Sie haben die neuen Sch\u00fclerinnen und Sch\u00fcler mit viel Engagement bei uns aufgenommen und ihnen den Start an unserer Schule besonders leicht gemacht. Mit einer gelungenen <strong class=\"font-semibold\">Auff\u00fchrung<\/strong>, einem unterhaltsamen <strong class=\"font-semibold\">Sketch<\/strong> und kleinen <strong class=\"font-semibold\">Geschenken<\/strong> haben sie f\u00fcr viele l\u00e4chelnde Gesichter gesorgt.<\/p>\n<p class=\"pt-1 pb-3 first:pt-0 last:pb-0 whitespace-pre-wrap\">Wir freuen uns sehr, dass ihr nun Teil unserer Schulgemeinschaft seid, liebe 5er, und w\u00fcnschen euch einen guten Start, viele neue Freundschaften und eine sch\u00f6ne Zeit an unserer Schule!<\/p>\n","protected":false},"excerpt":{"rendered":"<p>Nach dem Ende der Ferien starten wir gemeinsam in ein neues Schuljahr. Wir w\u00fcnschen allen Sch\u00fclerinnen und Sch\u00fclern einen guten Start, viel Erfolg, Freude am Lernen und viele sch\u00f6ne Erlebnisse in den kommenden Monaten. Mit gro\u00dfer Freude durften wir au\u00dferdem &hellip; <a href=\"https:\/\/akskoeln.de\/?p=1874\">Weiterlesen <span class=\"meta-nav\">&rarr;<\/span><\/a><\/p>\n","protected":false},"author":1,"featured_media":0,"comment_status":"closed","ping_status":"closed","sticky":false,"template":"","format":"standard","meta":{"ngg_post_thumbnail":0,"_kadence_starter_templates_imported_post":false,"footnotes":""},"categories":[1],"tags":[],"class_list":["post-1874","post","type-post","status-publish","format-standard","hentry","category-allgemein"],"_links":{"self":[{"href":"https:\/\/akskoeln.de\/index.php?rest_route=\/wp\/v2\/posts\/1874","targetHints":{"allow":["GET"]}}],"collection":[{"href":"https:\/\/akskoeln.de\/index.php?rest_route=\/wp\/v2\/posts"}],"about":[{"href":"https:\/\/akskoeln.de\/index.php?rest_route=\/wp\/v2\/types\/post"}],"author":[{"embeddable":true,"href":"https:\/\/akskoeln.de\/index.php?rest_route=\/wp\/v2\/users\/1"}],"replies":[{"embeddable":true,"href":"https:\/\/akskoeln.de\/index.php?rest_route=%2Fwp%2Fv2%2Fcomments&post=1874"}],"version-history":[{"count":2,"href":"https:\/\/akskoeln.de\/index.php?rest_route=\/wp\/v2\/posts\/1874\/revisions"}],"predecessor-version":[{"id":1877,"href":"https:\/\/akskoeln.de\/index.php?rest_route=\/wp\/v2\/posts\/1874\/revisions\/1877"}],"wp:attachment":[{"href":"https:\/\/akskoeln.de\/index.php?rest_route=%2Fwp%2Fv2%2Fmedia&parent=1874"}],"wp:term":[{"taxonomy":"category","embeddable":true,"href":"https:\/\/akskoeln.de\/index.php?rest_route=%2Fwp%2Fv2%2Fcategories&post=1874"},{"taxonomy":"post_tag","embeddable":true,"href":"https:\/\/akskoeln.de\/index.php?rest_route=%2Fwp%2Fv2%2Ftags&post=1874"}],"curies":[{"name":"wp","href":"https:\/\/api.w.org\/{rel}","templated":true}]}}